{"id":1642,"date":"2021-02-06T08:53:58","date_gmt":"2021-02-06T13:53:58","guid":{"rendered":"https:\/\/www.nsfcanada.ca\/news-and-events\/ressources-de-sensibilisation-au-covid-19-disponibles-aupres-de-lagence-de-la-sante-publique-du-canada\/"},"modified":"2024-02-05T05:24:42","modified_gmt":"2024-02-05T10:24:42","slug":"ressources-de-sensibilisation-au-covid-19-disponibles-aupres-de-lagence-de-la-sante-publique-du-canada","status":"publish","type":"post","link":"https:\/\/www.nsfcanada.ca\/fr\/news-and-events\/ressources-de-sensibilisation-au-covid-19-disponibles-aupres-de-lagence-de-la-sante-publique-du-canada\/","title":{"rendered":"Ressources de sensibilisation au COVID-19 disponibles aupr\u00e8s de l&rsquo;Agence de la sant\u00e9 publique du Canada"},"content":{"rendered":"\n<p>Dans le cadre de notre mission de sant\u00e9 publique, NSF travaille avec le gouvernement canadien afin de promouvoir des ressources qui fournissent des informations sur les vaccins COVID-19 et une surveillance continue de la s\u00e9curit\u00e9 des vaccins, ainsi qu&rsquo;un outil d&rsquo;auto-\u00e9valuation en ligne et d&rsquo;autres applications li\u00e9es au COVID-19.<\/p>\n\n<p>Ces ressources aideront les Canadiens \u00e0 mieux naviguer dans les protocoles de sant\u00e9 et \u00e0 freiner la propagation du COVID-19 et la d\u00e9sinformation sur la vaccination.<\/p>\n\n<p>Les ressources sont disponibles en anglais et en fran\u00e7ais.<\/p>\n\n<p><a href=\"https:\/\/www.canada.ca\/fr\/sante-publique\/services\/maladies\/maladie-coronavirus-covid-19.html\" target=\"_blank\" rel=\"noopener\">Acc\u00e9der aux ressources<\/a><\/p>\n","protected":false},"excerpt":{"rendered":"<p>Dans le cadre de notre mission de sant\u00e9 publique, NSF travaille avec le gouvernement canadien afin de promouvoir des ressources qui fournissent des informations sur les vaccins COVID-19 et une surveillance continue de la s\u00e9curit\u00e9 des vaccins, ainsi qu&rsquo;un outil d&rsquo;auto-\u00e9valuation en ligne et d&rsquo;autres applications li\u00e9es au COVID-19. Ces ressources aideront les Canadiens \u00e0 [&hellip;]<\/p>\n","protected":false},"author":1,"featured_media":0,"comment_status":"closed","ping_status":"closed","sticky":false,"template":"","format":"standard","meta":{"_acf_changed":false,"footnotes":""},"categories":[17],"tags":[],"class_list":["post-1642","post","type-post","status-publish","format-standard","hentry","category-actualites"],"acf":[],"yoast_head":"<!-- This site is optimized with the Yoast SEO plugin v26.5 - https:\/\/yoast.com\/wordpress\/plugins\/seo\/ -->\n<title>Ressources de sensibilisation au COVID-19 disponibles aupr\u00e8s de l&#039;Agence de la sant\u00e9 publique du Canada | NSF<\/title>\n<meta name=\"robots\" content=\"index, follow, max-snippet:-1, max-image-preview:large, max-video-preview:-1\" \/>\n<link rel=\"canonical\" href=\"https:\/\/www.nsfcanada.ca\/fr\/news-and-events\/ressources-de-sensibilisation-au-covid-19-disponibles-aupres-de-lagence-de-la-sante-publique-du-canada\/\" \/>\n<meta property=\"og:locale\" content=\"fr_FR\" \/>\n<meta property=\"og:type\" content=\"article\" \/>\n<meta property=\"og:title\" content=\"Ressources de sensibilisation au COVID-19 disponibles aupr\u00e8s de l&#039;Agence de la sant\u00e9 publique du Canada | NSF\" \/>\n<meta property=\"og:description\" content=\"Dans le cadre de notre mission de sant\u00e9 publique, NSF travaille avec le gouvernement canadien afin de promouvoir des ressources qui fournissent des informations sur les vaccins COVID-19 et une surveillance continue de la s\u00e9curit\u00e9 des vaccins, ainsi qu&rsquo;un outil d&rsquo;auto-\u00e9valuation en ligne et d&rsquo;autres applications li\u00e9es au COVID-19. Ces ressources aideront les Canadiens \u00e0 [&hellip;]\" \/>\n<meta property=\"og:url\" content=\"https:\/\/www.nsfcanada.ca\/fr\/news-and-events\/ressources-de-sensibilisation-au-covid-19-disponibles-aupres-de-lagence-de-la-sante-publique-du-canada\/\" \/>\n<meta property=\"og:site_name\" content=\"NSF\" \/>\n<meta property=\"article:published_time\" content=\"2021-02-06T13:53:58+00:00\" \/>\n<meta property=\"article:modified_time\" content=\"2024-02-05T10:24:42+00:00\" \/>\n<meta name=\"author\" content=\"Arnaud De Smedt\" \/>\n<meta name=\"twitter:card\" content=\"summary_large_image\" \/>\n<meta name=\"twitter:label1\" content=\"\u00c9crit par\" \/>\n\t<meta name=\"twitter:data1\" content=\"Arnaud De Smedt\" \/>\n<script type=\"application\/ld+json\" class=\"yoast-schema-graph\">{\"@context\":\"https:\/\/schema.org\",\"@graph\":[{\"@type\":\"Article\",\"@id\":\"https:\/\/www.nsfcanada.ca\/fr\/news-and-events\/ressources-de-sensibilisation-au-covid-19-disponibles-aupres-de-lagence-de-la-sante-publique-du-canada\/#article\",\"isPartOf\":{\"@id\":\"https:\/\/www.nsfcanada.ca\/fr\/news-and-events\/ressources-de-sensibilisation-au-covid-19-disponibles-aupres-de-lagence-de-la-sante-publique-du-canada\/\"},\"author\":{\"name\":\"Arnaud De Smedt\",\"@id\":\"https:\/\/www.nsfcanada.ca\/fr\/#\/schema\/person\/20f03d38e3a7b3271b680d0074854f8d\"},\"headline\":\"Ressources de sensibilisation au COVID-19 disponibles aupr\u00e8s de l&rsquo;Agence de la sant\u00e9 publique du Canada\",\"datePublished\":\"2021-02-06T13:53:58+00:00\",\"dateModified\":\"2024-02-05T10:24:42+00:00\",\"mainEntityOfPage\":{\"@id\":\"https:\/\/www.nsfcanada.ca\/fr\/news-and-events\/ressources-de-sensibilisation-au-covid-19-disponibles-aupres-de-lagence-de-la-sante-publique-du-canada\/\"},\"wordCount\":111,\"publisher\":{\"@id\":\"https:\/\/www.nsfcanada.ca\/fr\/#organization\"},\"articleSection\":[\"Actualit\u00e9s\"],\"inLanguage\":\"fr-FR\"},{\"@type\":\"WebPage\",\"@id\":\"https:\/\/www.nsfcanada.ca\/fr\/news-and-events\/ressources-de-sensibilisation-au-covid-19-disponibles-aupres-de-lagence-de-la-sante-publique-du-canada\/\",\"url\":\"https:\/\/www.nsfcanada.ca\/fr\/news-and-events\/ressources-de-sensibilisation-au-covid-19-disponibles-aupres-de-lagence-de-la-sante-publique-du-canada\/\",\"name\":\"Ressources de sensibilisation au COVID-19 disponibles aupr\u00e8s de l'Agence de la sant\u00e9 publique du Canada | NSF\",\"isPartOf\":{\"@id\":\"https:\/\/www.nsfcanada.ca\/fr\/#website\"},\"datePublished\":\"2021-02-06T13:53:58+00:00\",\"dateModified\":\"2024-02-05T10:24:42+00:00\",\"breadcrumb\":{\"@id\":\"https:\/\/www.nsfcanada.ca\/fr\/news-and-events\/ressources-de-sensibilisation-au-covid-19-disponibles-aupres-de-lagence-de-la-sante-publique-du-canada\/#breadcrumb\"},\"inLanguage\":\"fr-FR\",\"potentialAction\":[{\"@type\":\"ReadAction\",\"target\":[\"https:\/\/www.nsfcanada.ca\/fr\/news-and-events\/ressources-de-sensibilisation-au-covid-19-disponibles-aupres-de-lagence-de-la-sante-publique-du-canada\/\"]}]},{\"@type\":\"BreadcrumbList\",\"@id\":\"https:\/\/www.nsfcanada.ca\/fr\/news-and-events\/ressources-de-sensibilisation-au-covid-19-disponibles-aupres-de-lagence-de-la-sante-publique-du-canada\/#breadcrumb\",\"itemListElement\":[{\"@type\":\"ListItem\",\"position\":1,\"name\":\"Home\",\"item\":\"https:\/\/www.nsfcanada.ca\/fr\/\"},{\"@type\":\"ListItem\",\"position\":2,\"name\":\"Ressources de sensibilisation au COVID-19 disponibles aupr\u00e8s de l&#8217;Agence de la sant\u00e9 publique du Canada\"}]},{\"@type\":\"WebSite\",\"@id\":\"https:\/\/www.nsfcanada.ca\/fr\/#website\",\"url\":\"https:\/\/www.nsfcanada.ca\/fr\/\",\"name\":\"NSF\",\"description\":\"NSF Services in Canada\",\"publisher\":{\"@id\":\"https:\/\/www.nsfcanada.ca\/fr\/#organization\"},\"potentialAction\":[{\"@type\":\"SearchAction\",\"target\":{\"@type\":\"EntryPoint\",\"urlTemplate\":\"https:\/\/www.nsfcanada.ca\/fr\/?s={search_term_string}\"},\"query-input\":{\"@type\":\"PropertyValueSpecification\",\"valueRequired\":true,\"valueName\":\"search_term_string\"}}],\"inLanguage\":\"fr-FR\"},{\"@type\":\"Organization\",\"@id\":\"https:\/\/www.nsfcanada.ca\/fr\/#organization\",\"name\":\"NSF International\",\"url\":\"https:\/\/www.nsfcanada.ca\/fr\/\",\"logo\":{\"@type\":\"ImageObject\",\"inLanguage\":\"fr-FR\",\"@id\":\"https:\/\/www.nsfcanada.ca\/fr\/#\/schema\/logo\/image\/\",\"url\":\"http:\/\/canada.nsfinternational.eu\/wp-content\/uploads\/2021\/03\/logo-nsf-international.png\",\"contentUrl\":\"http:\/\/canada.nsfinternational.eu\/wp-content\/uploads\/2021\/03\/logo-nsf-international.png\",\"width\":300,\"height\":300,\"caption\":\"NSF International\"},\"image\":{\"@id\":\"https:\/\/www.nsfcanada.ca\/fr\/#\/schema\/logo\/image\/\"}},{\"@type\":\"Person\",\"@id\":\"https:\/\/www.nsfcanada.ca\/fr\/#\/schema\/person\/20f03d38e3a7b3271b680d0074854f8d\",\"name\":\"Arnaud De Smedt\",\"image\":{\"@type\":\"ImageObject\",\"inLanguage\":\"fr-FR\",\"@id\":\"https:\/\/www.nsfcanada.ca\/fr\/#\/schema\/person\/image\/\",\"url\":\"https:\/\/secure.gravatar.com\/avatar\/9262d6098e4001b52c4441317528b3bc3e0720e45b7b99e0f5d54e0c110c4669?s=96&d=mm&r=g\",\"contentUrl\":\"https:\/\/secure.gravatar.com\/avatar\/9262d6098e4001b52c4441317528b3bc3e0720e45b7b99e0f5d54e0c110c4669?s=96&d=mm&r=g\",\"caption\":\"Arnaud De Smedt\"},\"sameAs\":[\"http:\/\/www.betansfcanada.ca\"]}]}<\/script>\n<!-- \/ Yoast SEO plugin. -->","yoast_head_json":{"title":"Ressources de sensibilisation au COVID-19 disponibles aupr\u00e8s de l'Agence de la sant\u00e9 publique du Canada | NSF","robots":{"index":"index","follow":"follow","max-snippet":"max-snippet:-1","max-image-preview":"max-image-preview:large","max-video-preview":"max-video-preview:-1"},"canonical":"https:\/\/www.nsfcanada.ca\/fr\/news-and-events\/ressources-de-sensibilisation-au-covid-19-disponibles-aupres-de-lagence-de-la-sante-publique-du-canada\/","og_locale":"fr_FR","og_type":"article","og_title":"Ressources de sensibilisation au COVID-19 disponibles aupr\u00e8s de l'Agence de la sant\u00e9 publique du Canada | NSF","og_description":"Dans le cadre de notre mission de sant\u00e9 publique, NSF travaille avec le gouvernement canadien afin de promouvoir des ressources qui fournissent des informations sur les vaccins COVID-19 et une surveillance continue de la s\u00e9curit\u00e9 des vaccins, ainsi qu&rsquo;un outil d&rsquo;auto-\u00e9valuation en ligne et d&rsquo;autres applications li\u00e9es au COVID-19. Ces ressources aideront les Canadiens \u00e0 [&hellip;]","og_url":"https:\/\/www.nsfcanada.ca\/fr\/news-and-events\/ressources-de-sensibilisation-au-covid-19-disponibles-aupres-de-lagence-de-la-sante-publique-du-canada\/","og_site_name":"NSF","article_published_time":"2021-02-06T13:53:58+00:00","article_modified_time":"2024-02-05T10:24:42+00:00","author":"Arnaud De Smedt","twitter_card":"summary_large_image","twitter_misc":{"\u00c9crit par":"Arnaud De Smedt"},"schema":{"@context":"https:\/\/schema.org","@graph":[{"@type":"Article","@id":"https:\/\/www.nsfcanada.ca\/fr\/news-and-events\/ressources-de-sensibilisation-au-covid-19-disponibles-aupres-de-lagence-de-la-sante-publique-du-canada\/#article","isPartOf":{"@id":"https:\/\/www.nsfcanada.ca\/fr\/news-and-events\/ressources-de-sensibilisation-au-covid-19-disponibles-aupres-de-lagence-de-la-sante-publique-du-canada\/"},"author":{"name":"Arnaud De Smedt","@id":"https:\/\/www.nsfcanada.ca\/fr\/#\/schema\/person\/20f03d38e3a7b3271b680d0074854f8d"},"headline":"Ressources de sensibilisation au COVID-19 disponibles aupr\u00e8s de l&rsquo;Agence de la sant\u00e9 publique du Canada","datePublished":"2021-02-06T13:53:58+00:00","dateModified":"2024-02-05T10:24:42+00:00","mainEntityOfPage":{"@id":"https:\/\/www.nsfcanada.ca\/fr\/news-and-events\/ressources-de-sensibilisation-au-covid-19-disponibles-aupres-de-lagence-de-la-sante-publique-du-canada\/"},"wordCount":111,"publisher":{"@id":"https:\/\/www.nsfcanada.ca\/fr\/#organization"},"articleSection":["Actualit\u00e9s"],"inLanguage":"fr-FR"},{"@type":"WebPage","@id":"https:\/\/www.nsfcanada.ca\/fr\/news-and-events\/ressources-de-sensibilisation-au-covid-19-disponibles-aupres-de-lagence-de-la-sante-publique-du-canada\/","url":"https:\/\/www.nsfcanada.ca\/fr\/news-and-events\/ressources-de-sensibilisation-au-covid-19-disponibles-aupres-de-lagence-de-la-sante-publique-du-canada\/","name":"Ressources de sensibilisation au COVID-19 disponibles aupr\u00e8s de l'Agence de la sant\u00e9 publique du Canada | NSF","isPartOf":{"@id":"https:\/\/www.nsfcanada.ca\/fr\/#website"},"datePublished":"2021-02-06T13:53:58+00:00","dateModified":"2024-02-05T10:24:42+00:00","breadcrumb":{"@id":"https:\/\/www.nsfcanada.ca\/fr\/news-and-events\/ressources-de-sensibilisation-au-covid-19-disponibles-aupres-de-lagence-de-la-sante-publique-du-canada\/#breadcrumb"},"inLanguage":"fr-FR","potentialAction":[{"@type":"ReadAction","target":["https:\/\/www.nsfcanada.ca\/fr\/news-and-events\/ressources-de-sensibilisation-au-covid-19-disponibles-aupres-de-lagence-de-la-sante-publique-du-canada\/"]}]},{"@type":"BreadcrumbList","@id":"https:\/\/www.nsfcanada.ca\/fr\/news-and-events\/ressources-de-sensibilisation-au-covid-19-disponibles-aupres-de-lagence-de-la-sante-publique-du-canada\/#breadcrumb","itemListElement":[{"@type":"ListItem","position":1,"name":"Home","item":"https:\/\/www.nsfcanada.ca\/fr\/"},{"@type":"ListItem","position":2,"name":"Ressources de sensibilisation au COVID-19 disponibles aupr\u00e8s de l&#8217;Agence de la sant\u00e9 publique du Canada"}]},{"@type":"WebSite","@id":"https:\/\/www.nsfcanada.ca\/fr\/#website","url":"https:\/\/www.nsfcanada.ca\/fr\/","name":"NSF","description":"NSF Services in Canada","publisher":{"@id":"https:\/\/www.nsfcanada.ca\/fr\/#organization"},"potentialAction":[{"@type":"SearchAction","target":{"@type":"EntryPoint","urlTemplate":"https:\/\/www.nsfcanada.ca\/fr\/?s={search_term_string}"},"query-input":{"@type":"PropertyValueSpecification","valueRequired":true,"valueName":"search_term_string"}}],"inLanguage":"fr-FR"},{"@type":"Organization","@id":"https:\/\/www.nsfcanada.ca\/fr\/#organization","name":"NSF International","url":"https:\/\/www.nsfcanada.ca\/fr\/","logo":{"@type":"ImageObject","inLanguage":"fr-FR","@id":"https:\/\/www.nsfcanada.ca\/fr\/#\/schema\/logo\/image\/","url":"http:\/\/canada.nsfinternational.eu\/wp-content\/uploads\/2021\/03\/logo-nsf-international.png","contentUrl":"http:\/\/canada.nsfinternational.eu\/wp-content\/uploads\/2021\/03\/logo-nsf-international.png","width":300,"height":300,"caption":"NSF International"},"image":{"@id":"https:\/\/www.nsfcanada.ca\/fr\/#\/schema\/logo\/image\/"}},{"@type":"Person","@id":"https:\/\/www.nsfcanada.ca\/fr\/#\/schema\/person\/20f03d38e3a7b3271b680d0074854f8d","name":"Arnaud De Smedt","image":{"@type":"ImageObject","inLanguage":"fr-FR","@id":"https:\/\/www.nsfcanada.ca\/fr\/#\/schema\/person\/image\/","url":"https:\/\/secure.gravatar.com\/avatar\/9262d6098e4001b52c4441317528b3bc3e0720e45b7b99e0f5d54e0c110c4669?s=96&d=mm&r=g","contentUrl":"https:\/\/secure.gravatar.com\/avatar\/9262d6098e4001b52c4441317528b3bc3e0720e45b7b99e0f5d54e0c110c4669?s=96&d=mm&r=g","caption":"Arnaud De Smedt"},"sameAs":["http:\/\/www.betansfcanada.ca"]}]}},"_links":{"self":[{"href":"https:\/\/www.nsfcanada.ca\/fr\/wp-json\/wp\/v2\/posts\/1642","targetHints":{"allow":["GET"]}}],"collection":[{"href":"https:\/\/www.nsfcanada.ca\/fr\/wp-json\/wp\/v2\/posts"}],"about":[{"href":"https:\/\/www.nsfcanada.ca\/fr\/wp-json\/wp\/v2\/types\/post"}],"author":[{"embeddable":true,"href":"https:\/\/www.nsfcanada.ca\/fr\/wp-json\/wp\/v2\/users\/1"}],"replies":[{"embeddable":true,"href":"https:\/\/www.nsfcanada.ca\/fr\/wp-json\/wp\/v2\/comments?post=1642"}],"version-history":[{"count":1,"href":"https:\/\/www.nsfcanada.ca\/fr\/wp-json\/wp\/v2\/posts\/1642\/revisions"}],"predecessor-version":[{"id":1643,"href":"https:\/\/www.nsfcanada.ca\/fr\/wp-json\/wp\/v2\/posts\/1642\/revisions\/1643"}],"wp:attachment":[{"href":"https:\/\/www.nsfcanada.ca\/fr\/wp-json\/wp\/v2\/media?parent=1642"}],"wp:term":[{"taxonomy":"category","embeddable":true,"href":"https:\/\/www.nsfcanada.ca\/fr\/wp-json\/wp\/v2\/categories?post=1642"},{"taxonomy":"post_tag","embeddable":true,"href":"https:\/\/www.nsfcanada.ca\/fr\/wp-json\/wp\/v2\/tags?post=1642"}],"curies":[{"name":"wp","href":"https:\/\/api.w.org\/{rel}","templated":true}]}}